{"id":62,"date":"2017-02-03T11:18:12","date_gmt":"2017-02-03T08:18:12","guid":{"rendered":"http:\/\/themes.muffingroup.com\/betheme\/?p=62"},"modified":"2020-06-21T19:33:56","modified_gmt":"2020-06-21T16:33:56","slug":"fuarin-gozdesi-zorlu-insaat","status":"publish","type":"post","link":"https:\/\/saitzorlu.com.tr\/yeni\/fuarin-gozdesi-zorlu-insaat\/","title":{"rendered":"Fuar\u0131n g\u00f6zdesi Zorlu \u0130n\u015faat"},"content":{"rendered":"<blockquote class=\"wp-block-quote\"><p>IRES Bursa Gayrimenkul Fuar\u0131 ve Bursa \u0130n\u015faat 2016 Fuar\u0131 3. g\u00fcn\u00fcnde de kat\u0131l\u0131mc\u0131lar\u0131n yo\u011fun ilgisiyle devam ediyor. Fuara kat\u0131lan Zorlu \u0130n\u015faat Y\u00f6netim Kurulu \u00dcyesi Salih Zorlu fuar\u0131n ge\u00e7en seneye oranla bu sene daha verimli ge\u00e7ti\u011fini s\u00f6yledi.<\/p><\/blockquote>\n<div class=\"col-sm-8 col-md-6 col-md-push-3\">\n<article id=\"post-1286\" class=\"post-1286 post type-post status-publish format-standard has-post-thumbnail hentry category-haberler-duyurular\">\n<div class=\"entry-content\">\n<p>Sait Zorlu \u0130n\u015faat Y\u00f6netim Kurulu \u00dcyesi Salih Zorlu; \u201cBursa\u2019n\u0131n bir \u00e7ok yerinde ayn\u0131 zamanda Afyon, Isparta olmak \u00fczere \u00fc\u00e7 \u015fehirde \u015fu anda aktif olarak in\u015faatlar\u0131m\u0131za devam ediyoruz. 700 800 tane \u015fu anda devam eden projemiz var. 400 500 daire de proje a\u015famas\u0131nda zaman \u00e7izelgesi olarak \u00f6n\u00fcm\u00fczdeki y\u0131llarda devam edecek projelerimiz var.\u201d dedi.<\/p>\n<p>Sait Zorlu \u0130n\u015faat olarak Bursa\u2019daki projelerinden de bahseden Zorlu: \u201d Millet mahallesi\u2019nde yakla\u015f\u0131k olarak 150 daire civar\u0131nda kestelde 250 civar\u0131nda Ata Bulvar\u0131\u2019nda ise 36 dairelik projemiz var.\u201d \u015feklinde konu\u015ftu. Ge\u00e7en seneye oranla bu sene fuar\u0131n daha verimli ge\u00e7ti\u011fini belirten Sait Zorlu proje fiyatlar\u0131yla ilgili ise \u015f\u00f6yle dedi: \u201cEn ucuz dairemiz 127.000 TL\u2019den ba\u015fl\u0131yor en pahal\u0131 dairemiz ise 650.000 TL\u2019yi buluyor.\u201d<\/p>\n<\/div>\n<\/article>\n<\/div>\n<div class=\"col-xs-12 col-sm-4 col-md-3 col-md-pull-6 blog-details-column\"><\/div>\n","protected":false},"excerpt":{"rendered":"<p>IRES Bursa Gayrimenkul Fuar\u0131 ve Bursa \u0130n\u015faat 2016 Fuar\u0131 3. g\u00fcn\u00fcnde de kat\u0131l\u0131mc\u0131lar\u0131n yo\u011fun ilgisiyle devam ediyor. Fuara kat\u0131lan Zorlu \u0130n\u015faat Y\u00f6netim Kurulu \u00dcyesi Salih Zorlu<span class=\"excerpt-hellip\"> [\u2026]<\/span><\/p>\n","protected":false},"author":1,"featured_media":239,"comment_status":"closed","ping_status":"open","sticky":false,"template":"","format":"standard","meta":[],"categories":[4,2],"tags":[],"_links":{"self":[{"href":"https:\/\/saitzorlu.com.tr\/yeni\/wp-json\/wp\/v2\/posts\/62"}],"collection":[{"href":"https:\/\/saitzorlu.com.tr\/yeni\/wp-json\/wp\/v2\/posts"}],"about":[{"href":"https:\/\/saitzorlu.com.tr\/yeni\/wp-json\/wp\/v2\/types\/post"}],"author":[{"embeddable":true,"href":"https:\/\/saitzorlu.com.tr\/yeni\/wp-json\/wp\/v2\/users\/1"}],"replies":[{"embeddable":true,"href":"https:\/\/saitzorlu.com.tr\/yeni\/wp-json\/wp\/v2\/comments?post=62"}],"version-history":[{"count":2,"href":"https:\/\/saitzorlu.com.tr\/yeni\/wp-json\/wp\/v2\/posts\/62\/revisions"}],"predecessor-version":[{"id":360,"href":"https:\/\/saitzorlu.com.tr\/yeni\/wp-json\/wp\/v2\/posts\/62\/revisions\/360"}],"wp:featuredmedia":[{"embeddable":true,"href":"https:\/\/saitzorlu.com.tr\/yeni\/wp-json\/wp\/v2\/media\/239"}],"wp:attachment":[{"href":"https:\/\/saitzorlu.com.tr\/yeni\/wp-json\/wp\/v2\/media?parent=62"}],"wp:term":[{"taxonomy":"category","embeddable":true,"href":"https:\/\/saitzorlu.com.tr\/yeni\/wp-json\/wp\/v2\/categories?post=62"},{"taxonomy":"post_tag","embeddable":true,"href":"https:\/\/saitzorlu.com.tr\/yeni\/wp-json\/wp\/v2\/tags?post=62"}],"curies":[{"name":"wp","href":"https:\/\/api.w.org\/{rel}","templated":true}]}}